{"id":8397,"date":"2022-06-27T09:21:34","date_gmt":"2022-06-27T09:21:34","guid":{"rendered":"https:\/\/www.grupobilbu.es\/grupo-bilbu\/?p=8397"},"modified":"2022-06-27T09:23:32","modified_gmt":"2022-06-27T09:23:32","slug":"felicidades-por-100-anos-mas-siendo-el-corazon-de-las-fiestas","status":"publish","type":"post","link":"https:\/\/www.grupobilbu.es\/grupo-bilbu\/felicidades-por-100-anos-mas-siendo-el-corazon-de-las-fiestas\/","title":{"rendered":"\u00a1Felicidades! Por 100 a\u00f1os m\u00e1s estando en el coraz\u00f3n de las fiestas"},"content":{"rendered":"<p>Uno de enero, dos de febrero\u2026 un estruendo, la gente invade las calles, todo se vuelve de color rojo\u2026 \u00a1Vuelven las fiestas de San Ferm\u00edn! Se agitan de nuevo los pa\u00f1uelos, corremos delante de los toros, suena la m\u00fasica en las calles y nos juntamos y movemos con alegr\u00eda e ilusi\u00f3n por la ciudad.<\/p>\n<p>Sin duda alguna, este a\u00f1o va a ser un a\u00f1o muy especial. No solo porque Pamplona volver\u00e1 a disfrutar de sus famosas y tradicionales fiestas despu\u00e9s de dos a\u00f1os, si no que, adem\u00e1s, en este 2022, la plaza de toros cumple 100 a\u00f1os.<\/p>\n<p>Y desde Navagres y Grupo Bilbu queremos felicitar las fiestas y a este emblem\u00e1tico monumento al que tenemos especial cari\u00f1o y una estrecha relaci\u00f3n que quedo sellada en 2008 con la realizaci\u00f3n de un mosaico mural. Concretamente en la fachada de la plaza, junto a la puerta E (frente a la calle Olite)<\/p>\n<p>El mural tiene unas dimensiones de 3 metros de ancho por 2 de alto y se realiz\u00f3 con teselas de mosaico en formato 1,2 x 1,2 cm. a partir de una fotograf\u00eda cedida por el fot\u00f3grafo pamplon\u00e9s P\u00edo Guerendiain. Completamente montado a mano sobre redes de fibra de vidrio en hojas de 30 x 30 cm, sus 120 colores permiten la posibilidad de hacer juegos de tonos, luces y sombras.<\/p>\n<p>Que todos disfrutemos de unos felices San Fermines, y por 100 a\u00f1o m\u00e1s unidos a nuestra tierra, al sentir de nuestra gente y a nuestras fiestas \u00a1Felicidades! &nbsp;<\/p>\n<!-- AddThis Advanced Settings generic via filter on the_content --><!-- AddThis Share Buttons generic via filter on the_content -->","protected":false},"excerpt":{"rendered":"<p>Uno de enero, dos de febrero\u2026 un estruendo, la gente invade las calles, todo se vuelve de color rojo\u2026 \u00a1Vuelven&#8230;<!-- AddThis Advanced Settings generic via filter on get_the_excerpt --><!-- AddThis Share Buttons generic via filter on get_the_excerpt --><\/p>\n","protected":false},"author":1,"featured_media":8398,"comment_status":"closed","ping_status":"closed","sticky":false,"template":"","format":"standard","meta":{"ngg_post_thumbnail":0},"categories":[1],"tags":[],"_links":{"self":[{"href":"https:\/\/www.grupobilbu.es\/grupo-bilbu\/wp-json\/wp\/v2\/posts\/8397"}],"collection":[{"href":"https:\/\/www.grupobilbu.es\/grupo-bilbu\/wp-json\/wp\/v2\/posts"}],"about":[{"href":"https:\/\/www.grupobilbu.es\/grupo-bilbu\/wp-json\/wp\/v2\/types\/post"}],"author":[{"embeddable":true,"href":"https:\/\/www.grupobilbu.es\/grupo-bilbu\/wp-json\/wp\/v2\/users\/1"}],"replies":[{"embeddable":true,"href":"https:\/\/www.grupobilbu.es\/grupo-bilbu\/wp-json\/wp\/v2\/comments?post=8397"}],"version-history":[{"count":4,"href":"https:\/\/www.grupobilbu.es\/grupo-bilbu\/wp-json\/wp\/v2\/posts\/8397\/revisions"}],"predecessor-version":[{"id":8402,"href":"https:\/\/www.grupobilbu.es\/grupo-bilbu\/wp-json\/wp\/v2\/posts\/8397\/revisions\/8402"}],"wp:featuredmedia":[{"embeddable":true,"href":"https:\/\/www.grupobilbu.es\/grupo-bilbu\/wp-json\/wp\/v2\/media\/8398"}],"wp:attachment":[{"href":"https:\/\/www.grupobilbu.es\/grupo-bilbu\/wp-json\/wp\/v2\/media?parent=8397"}],"wp:term":[{"taxonomy":"category","embeddable":true,"href":"https:\/\/www.grupobilbu.es\/grupo-bilbu\/wp-json\/wp\/v2\/categories?post=8397"},{"taxonomy":"post_tag","embeddable":true,"href":"https:\/\/www.grupobilbu.es\/grupo-bilbu\/wp-json\/wp\/v2\/tags?post=8397"}],"curies":[{"name":"wp","href":"https:\/\/api.w.org\/{rel}","templated":true}]}}